{"id":3256,"date":"2017-01-27T15:56:43","date_gmt":"2017-01-27T14:56:43","guid":{"rendered":"http:\/\/www.ferienhaus-mosel.info\/?p=3256"},"modified":"2017-01-27T18:05:22","modified_gmt":"2017-01-27T17:05:22","slug":"meine-mittelmosel","status":"publish","type":"post","link":"https:\/\/www.ferienhausmosel.eu\/en\/meine-mittelmosel\/","title":{"rendered":"My middle Mosel"},"content":{"rendered":"<p>The Moselle rises in the Vosges, flows through France and Luxembourg until it flows into the Rhine in Germany at the Deutsches Eck in Koblenz.<!--more--><br \/>\nIt is divided into upper, middle and lower Mosel, each with its own individual character in each section. Geographically, the Middle Moselle is defined from Schweich to Zell. \u00dcrzig and Zeltingen are thus in the heart of the Middle Moselle.<br \/>\nThe river between Bernkastel-Kues and Traben-Trarbach forms a mitten. Marked by the many meanders, the Moselle has found a particularly attractive path through the Rhenish Slate Mountains here. The flora and fauna offers the attentive observer many highlights. The rocks are popular breeding grounds for eagle owl, red kite and peregrine falcon, you will find the rare Apollofalter and along the cycling and hiking trails (eg Erdener Klettersteig and the Moselle-Maare-Radwanderweg), wild orchids provide stimulating splashes of color.<\/p>\n<p>However, the truly special of the Middle Mosel is certainly in the expression of the rocks and steep slopes. Sometimes rugged, sometimes softer, these can have up to 65% gradient.<br \/>\nIn this hillside grow grapes of special quality and that was already known by the ancient Romans, who founded the winegrowing on the Mosel. Therefore, the Moselle is considered the oldest wine growing region in Germany. Relics from this period can be found along the Mosel z. As in earth an old Roman wine press, which was discovered in the context of land consolidation.<\/p>\n<p>For centuries the Riesling grape was the trademark of the Mosel, but in recent years the spectrum has expanded considerably. Due in part to climate change, a large variety of white and red grape varieties are grown today.<\/p>\n<p>With heart and passion, the winemakers face the challenge and not only in the vintage. Almost entirely by hand, many winemakers still produce their own wines, so each wine has its own individual touch. The Moselaner is an open-minded, friendly and sociable person.<\/p>\n<p>Get your own picture of the Middle Mosel, the landscape, the wine and the people.<\/p>","protected":false},"excerpt":{"rendered":"<p>The Moselle rises in the Vosges, flows through France and Luxembourg until it flows into the Rhine in Germany at the Deutsches Eck in Koblenz.<\/p>","protected":false},"author":5,"featured_media":3103,"comment_status":"closed","ping_status":"closed","sticky":false,"template":"","format":"standard","meta":{"footnotes":""},"categories":[1,237],"tags":[],"class_list":["post-3256","post","type-post","status-publish","format-standard","has-post-thumbnail","hentry","category-allgemein","category-meine-mittelmosel"],"yoast_head":"<!-- This site is optimized with the Yoast SEO plugin v27.3 - https:\/\/yoast.com\/product\/yoast-seo-wordpress\/ -->\n<title>Meine Mittelmosel - Ferienhaus Mosel<\/title>\n<meta name=\"robots\" content=\"index, follow, max-snippet:-1, max-image-preview:large, max-video-preview:-1\" \/>\n<link rel=\"canonical\" href=\"https:\/\/www.ferienhausmosel.eu\/en\/meine-mittelmosel\/\" \/>\n<meta property=\"og:locale\" content=\"en_GB\" \/>\n<meta property=\"og:type\" content=\"article\" \/>\n<meta property=\"og:title\" content=\"Meine Mittelmosel - Ferienhaus Mosel\" \/>\n<meta property=\"og:description\" content=\"Die Mosel entspringt in den Vogesen, flie\u00dft durch Frankreich und Luxemburg bis sie dann in Deutschland am Deutschen Eck in Koblenz in den Rhein m\u00fcndet.\" \/>\n<meta property=\"og:url\" content=\"https:\/\/www.ferienhausmosel.eu\/en\/meine-mittelmosel\/\" \/>\n<meta property=\"og:site_name\" content=\"Ferienhaus Mosel\" \/>\n<meta property=\"article:publisher\" content=\"https:\/\/www.facebook.com\/moselferienhaus\" \/>\n<meta property=\"article:author\" content=\"https:\/\/www.facebook.com\/chri.coli.3\" \/>\n<meta property=\"article:published_time\" content=\"2017-01-27T14:56:43+00:00\" \/>\n<meta property=\"article:modified_time\" content=\"2017-01-27T17:05:22+00:00\" \/>\n<meta property=\"og:image\" content=\"https:\/\/www.ferienhausmosel.eu\/wp-content\/uploads\/2016\/07\/ferienhaus-mosel-uerzig.jpg\" \/>\n\t<meta property=\"og:image:width\" content=\"1680\" \/>\n\t<meta property=\"og:image:height\" content=\"876\" \/>\n\t<meta property=\"og:image:type\" content=\"image\/jpeg\" \/>\n<meta name=\"author\" content=\"Christiana Comes-Limbach\" \/>\n<meta name=\"twitter:label1\" content=\"Written by\" \/>\n\t<meta name=\"twitter:data1\" content=\"Christiana Comes-Limbach\" \/>\n\t<meta name=\"twitter:label2\" content=\"Estimated reading time\" \/>\n\t<meta name=\"twitter:data2\" content=\"2 minutes\" \/>\n<script type=\"application\/ld+json\" class=\"yoast-schema-graph\">{\"@context\":\"https:\\\/\\\/schema.org\",\"@graph\":[{\"@type\":\"Article\",\"@id\":\"https:\\\/\\\/www.ferienhausmosel.eu\\\/meine-mittelmosel\\\/#article\",\"isPartOf\":{\"@id\":\"https:\\\/\\\/www.ferienhausmosel.eu\\\/meine-mittelmosel\\\/\"},\"author\":{\"name\":\"Christiana Comes-Limbach\",\"@id\":\"https:\\\/\\\/www.ferienhausmosel.eu\\\/#\\\/schema\\\/person\\\/2719a5249c81c7120c4883885e47ee16\"},\"headline\":\"Meine Mittelmosel\",\"datePublished\":\"2017-01-27T14:56:43+00:00\",\"dateModified\":\"2017-01-27T17:05:22+00:00\",\"mainEntityOfPage\":{\"@id\":\"https:\\\/\\\/www.ferienhausmosel.eu\\\/meine-mittelmosel\\\/\"},\"wordCount\":330,\"image\":{\"@id\":\"https:\\\/\\\/www.ferienhausmosel.eu\\\/meine-mittelmosel\\\/#primaryimage\"},\"thumbnailUrl\":\"https:\\\/\\\/www.ferienhausmosel.eu\\\/wp-content\\\/uploads\\\/2016\\\/07\\\/ferienhaus-mosel-uerzig.jpg\",\"articleSection\":[\"Allgemein\",\"Meine Mittelmosel\"],\"inLanguage\":\"en-GB\"},{\"@type\":\"WebPage\",\"@id\":\"https:\\\/\\\/www.ferienhausmosel.eu\\\/meine-mittelmosel\\\/\",\"url\":\"https:\\\/\\\/www.ferienhausmosel.eu\\\/meine-mittelmosel\\\/\",\"name\":\"Meine Mittelmosel - Ferienhaus Mosel\",\"isPartOf\":{\"@id\":\"https:\\\/\\\/www.ferienhausmosel.eu\\\/#website\"},\"primaryImageOfPage\":{\"@id\":\"https:\\\/\\\/www.ferienhausmosel.eu\\\/meine-mittelmosel\\\/#primaryimage\"},\"image\":{\"@id\":\"https:\\\/\\\/www.ferienhausmosel.eu\\\/meine-mittelmosel\\\/#primaryimage\"},\"thumbnailUrl\":\"https:\\\/\\\/www.ferienhausmosel.eu\\\/wp-content\\\/uploads\\\/2016\\\/07\\\/ferienhaus-mosel-uerzig.jpg\",\"datePublished\":\"2017-01-27T14:56:43+00:00\",\"dateModified\":\"2017-01-27T17:05:22+00:00\",\"author\":{\"@id\":\"https:\\\/\\\/www.ferienhausmosel.eu\\\/#\\\/schema\\\/person\\\/2719a5249c81c7120c4883885e47ee16\"},\"breadcrumb\":{\"@id\":\"https:\\\/\\\/www.ferienhausmosel.eu\\\/meine-mittelmosel\\\/#breadcrumb\"},\"inLanguage\":\"en-GB\",\"potentialAction\":[{\"@type\":\"ReadAction\",\"target\":[\"https:\\\/\\\/www.ferienhausmosel.eu\\\/meine-mittelmosel\\\/\"]}]},{\"@type\":\"ImageObject\",\"inLanguage\":\"en-GB\",\"@id\":\"https:\\\/\\\/www.ferienhausmosel.eu\\\/meine-mittelmosel\\\/#primaryimage\",\"url\":\"https:\\\/\\\/www.ferienhausmosel.eu\\\/wp-content\\\/uploads\\\/2016\\\/07\\\/ferienhaus-mosel-uerzig.jpg\",\"contentUrl\":\"https:\\\/\\\/www.ferienhausmosel.eu\\\/wp-content\\\/uploads\\\/2016\\\/07\\\/ferienhaus-mosel-uerzig.jpg\",\"width\":1680,\"height\":876,\"caption\":\"https:\\\/\\\/www.flickr.com\\\/photos\\\/81921714@N00\\\/3658104546\\\/\"},{\"@type\":\"BreadcrumbList\",\"@id\":\"https:\\\/\\\/www.ferienhausmosel.eu\\\/meine-mittelmosel\\\/#breadcrumb\",\"itemListElement\":[{\"@type\":\"ListItem\",\"position\":1,\"name\":\"Home\",\"item\":\"https:\\\/\\\/www.ferienhausmosel.eu\\\/\"},{\"@type\":\"ListItem\",\"position\":2,\"name\":\"Meine Mittelmosel\"}]},{\"@type\":\"WebSite\",\"@id\":\"https:\\\/\\\/www.ferienhausmosel.eu\\\/#website\",\"url\":\"https:\\\/\\\/www.ferienhausmosel.eu\\\/\",\"name\":\"Ferienhaus Mosel\",\"description\":\"Die Ferienh\u00e4user in \u00dcrzig und Zeltingen mit dem besonderen Charme\",\"potentialAction\":[{\"@type\":\"SearchAction\",\"target\":{\"@type\":\"EntryPoint\",\"urlTemplate\":\"https:\\\/\\\/www.ferienhausmosel.eu\\\/?s={search_term_string}\"},\"query-input\":{\"@type\":\"PropertyValueSpecification\",\"valueRequired\":true,\"valueName\":\"search_term_string\"}}],\"inLanguage\":\"en-GB\"},{\"@type\":\"Person\",\"@id\":\"https:\\\/\\\/www.ferienhausmosel.eu\\\/#\\\/schema\\\/person\\\/2719a5249c81c7120c4883885e47ee16\",\"name\":\"Christiana Comes-Limbach\",\"image\":{\"@type\":\"ImageObject\",\"inLanguage\":\"en-GB\",\"@id\":\"https:\\\/\\\/secure.gravatar.com\\\/avatar\\\/dffda485d976823a89f7f2b31b7888aad65cafc868d7c9f81b97125373aa3f1c?s=96&d=mm&r=g\",\"url\":\"https:\\\/\\\/secure.gravatar.com\\\/avatar\\\/dffda485d976823a89f7f2b31b7888aad65cafc868d7c9f81b97125373aa3f1c?s=96&d=mm&r=g\",\"contentUrl\":\"https:\\\/\\\/secure.gravatar.com\\\/avatar\\\/dffda485d976823a89f7f2b31b7888aad65cafc868d7c9f81b97125373aa3f1c?s=96&d=mm&r=g\",\"caption\":\"Christiana Comes-Limbach\"},\"description\":\"Als kaufm\u00e4nnische Leiterin des Metallbauers Limbach Maschinen mit Sitz in Mayen bleibt der dreifachen Mutter nur wenig Zeit f\u00fcr sich. Die findet die geb\u00fcrtige Moselanerin in ihrer Heimat. Mit ihren ganz pers\u00f6nlichen Ferienh\u00e4usern bietet Sie Menschen Erholung, Ruhe und Entspannung an der Mittelmosel.\",\"sameAs\":[\"https:\\\/\\\/www.facebook.com\\\/chri.coli.3\"],\"url\":\"https:\\\/\\\/www.ferienhausmosel.eu\\\/en\\\/author\\\/chricoli\\\/\"}]}<\/script>\n<!-- \/ Yoast SEO plugin. -->","yoast_head_json":{"title":"Meine Mittelmosel - Ferienhaus Mosel","robots":{"index":"index","follow":"follow","max-snippet":"max-snippet:-1","max-image-preview":"max-image-preview:large","max-video-preview":"max-video-preview:-1"},"canonical":"https:\/\/www.ferienhausmosel.eu\/en\/meine-mittelmosel\/","og_locale":"en_GB","og_type":"article","og_title":"Meine Mittelmosel - Ferienhaus Mosel","og_description":"Die Mosel entspringt in den Vogesen, flie\u00dft durch Frankreich und Luxemburg bis sie dann in Deutschland am Deutschen Eck in Koblenz in den Rhein m\u00fcndet.","og_url":"https:\/\/www.ferienhausmosel.eu\/en\/meine-mittelmosel\/","og_site_name":"Ferienhaus Mosel","article_publisher":"https:\/\/www.facebook.com\/moselferienhaus","article_author":"https:\/\/www.facebook.com\/chri.coli.3","article_published_time":"2017-01-27T14:56:43+00:00","article_modified_time":"2017-01-27T17:05:22+00:00","og_image":[{"width":1680,"height":876,"url":"https:\/\/www.ferienhausmosel.eu\/wp-content\/uploads\/2016\/07\/ferienhaus-mosel-uerzig.jpg","type":"image\/jpeg"}],"author":"Christiana Comes-Limbach","twitter_misc":{"Written by":"Christiana Comes-Limbach","Estimated reading time":"2 minutes"},"schema":{"@context":"https:\/\/schema.org","@graph":[{"@type":"Article","@id":"https:\/\/www.ferienhausmosel.eu\/meine-mittelmosel\/#article","isPartOf":{"@id":"https:\/\/www.ferienhausmosel.eu\/meine-mittelmosel\/"},"author":{"name":"Christiana Comes-Limbach","@id":"https:\/\/www.ferienhausmosel.eu\/#\/schema\/person\/2719a5249c81c7120c4883885e47ee16"},"headline":"Meine Mittelmosel","datePublished":"2017-01-27T14:56:43+00:00","dateModified":"2017-01-27T17:05:22+00:00","mainEntityOfPage":{"@id":"https:\/\/www.ferienhausmosel.eu\/meine-mittelmosel\/"},"wordCount":330,"image":{"@id":"https:\/\/www.ferienhausmosel.eu\/meine-mittelmosel\/#primaryimage"},"thumbnailUrl":"https:\/\/www.ferienhausmosel.eu\/wp-content\/uploads\/2016\/07\/ferienhaus-mosel-uerzig.jpg","articleSection":["Allgemein","Meine Mittelmosel"],"inLanguage":"en-GB"},{"@type":"WebPage","@id":"https:\/\/www.ferienhausmosel.eu\/meine-mittelmosel\/","url":"https:\/\/www.ferienhausmosel.eu\/meine-mittelmosel\/","name":"Meine Mittelmosel - Ferienhaus Mosel","isPartOf":{"@id":"https:\/\/www.ferienhausmosel.eu\/#website"},"primaryImageOfPage":{"@id":"https:\/\/www.ferienhausmosel.eu\/meine-mittelmosel\/#primaryimage"},"image":{"@id":"https:\/\/www.ferienhausmosel.eu\/meine-mittelmosel\/#primaryimage"},"thumbnailUrl":"https:\/\/www.ferienhausmosel.eu\/wp-content\/uploads\/2016\/07\/ferienhaus-mosel-uerzig.jpg","datePublished":"2017-01-27T14:56:43+00:00","dateModified":"2017-01-27T17:05:22+00:00","author":{"@id":"https:\/\/www.ferienhausmosel.eu\/#\/schema\/person\/2719a5249c81c7120c4883885e47ee16"},"breadcrumb":{"@id":"https:\/\/www.ferienhausmosel.eu\/meine-mittelmosel\/#breadcrumb"},"inLanguage":"en-GB","potentialAction":[{"@type":"ReadAction","target":["https:\/\/www.ferienhausmosel.eu\/meine-mittelmosel\/"]}]},{"@type":"ImageObject","inLanguage":"en-GB","@id":"https:\/\/www.ferienhausmosel.eu\/meine-mittelmosel\/#primaryimage","url":"https:\/\/www.ferienhausmosel.eu\/wp-content\/uploads\/2016\/07\/ferienhaus-mosel-uerzig.jpg","contentUrl":"https:\/\/www.ferienhausmosel.eu\/wp-content\/uploads\/2016\/07\/ferienhaus-mosel-uerzig.jpg","width":1680,"height":876,"caption":"https:\/\/www.flickr.com\/photos\/81921714@N00\/3658104546\/"},{"@type":"BreadcrumbList","@id":"https:\/\/www.ferienhausmosel.eu\/meine-mittelmosel\/#breadcrumb","itemListElement":[{"@type":"ListItem","position":1,"name":"Home","item":"https:\/\/www.ferienhausmosel.eu\/"},{"@type":"ListItem","position":2,"name":"Meine Mittelmosel"}]},{"@type":"WebSite","@id":"https:\/\/www.ferienhausmosel.eu\/#website","url":"https:\/\/www.ferienhausmosel.eu\/","name":"Holiday house Moselle","description":"The cottages in \u00dcrzig and Zeltingen with the special charm","potentialAction":[{"@type":"SearchAction","target":{"@type":"EntryPoint","urlTemplate":"https:\/\/www.ferienhausmosel.eu\/?s={search_term_string}"},"query-input":{"@type":"PropertyValueSpecification","valueRequired":true,"valueName":"search_term_string"}}],"inLanguage":"en-GB"},{"@type":"Person","@id":"https:\/\/www.ferienhausmosel.eu\/#\/schema\/person\/2719a5249c81c7120c4883885e47ee16","name":"Christiana Comes-Limbach","image":{"@type":"ImageObject","inLanguage":"en-GB","@id":"https:\/\/secure.gravatar.com\/avatar\/dffda485d976823a89f7f2b31b7888aad65cafc868d7c9f81b97125373aa3f1c?s=96&d=mm&r=g","url":"https:\/\/secure.gravatar.com\/avatar\/dffda485d976823a89f7f2b31b7888aad65cafc868d7c9f81b97125373aa3f1c?s=96&d=mm&r=g","contentUrl":"https:\/\/secure.gravatar.com\/avatar\/dffda485d976823a89f7f2b31b7888aad65cafc868d7c9f81b97125373aa3f1c?s=96&d=mm&r=g","caption":"Christiana Comes-Limbach"},"description":"As the commercial manager of the metalworker Limbach Maschinen located in Mayen, the three-time mother has little time left for herself. She finds the native Mosel woman in her homeland. With their very personal holiday homes offers people recreation, rest and relaxation in the Middle Moselle.","sameAs":["https:\/\/www.facebook.com\/chri.coli.3"],"url":"https:\/\/www.ferienhausmosel.eu\/en\/author\/chricoli\/"}]}},"_links":{"self":[{"href":"https:\/\/www.ferienhausmosel.eu\/en\/wp-json\/wp\/v2\/posts\/3256","targetHints":{"allow":["GET"]}}],"collection":[{"href":"https:\/\/www.ferienhausmosel.eu\/en\/wp-json\/wp\/v2\/posts"}],"about":[{"href":"https:\/\/www.ferienhausmosel.eu\/en\/wp-json\/wp\/v2\/types\/post"}],"author":[{"embeddable":true,"href":"https:\/\/www.ferienhausmosel.eu\/en\/wp-json\/wp\/v2\/users\/5"}],"replies":[{"embeddable":true,"href":"https:\/\/www.ferienhausmosel.eu\/en\/wp-json\/wp\/v2\/comments?post=3256"}],"version-history":[{"count":2,"href":"https:\/\/www.ferienhausmosel.eu\/en\/wp-json\/wp\/v2\/posts\/3256\/revisions"}],"predecessor-version":[{"id":3263,"href":"https:\/\/www.ferienhausmosel.eu\/en\/wp-json\/wp\/v2\/posts\/3256\/revisions\/3263"}],"wp:featuredmedia":[{"embeddable":true,"href":"https:\/\/www.ferienhausmosel.eu\/en\/wp-json\/wp\/v2\/media\/3103"}],"wp:attachment":[{"href":"https:\/\/www.ferienhausmosel.eu\/en\/wp-json\/wp\/v2\/media?parent=3256"}],"wp:term":[{"taxonomy":"category","embeddable":true,"href":"https:\/\/www.ferienhausmosel.eu\/en\/wp-json\/wp\/v2\/categories?post=3256"},{"taxonomy":"post_tag","embeddable":true,"href":"https:\/\/www.ferienhausmosel.eu\/en\/wp-json\/wp\/v2\/tags?post=3256"}],"curies":[{"name":"wp","href":"https:\/\/api.w.org\/{rel}","templated":true}]}}