{"id":3521,"date":"2018-03-31T11:43:16","date_gmt":"2018-03-31T10:43:16","guid":{"rendered":"https:\/\/ferienhausmosel.eu\/?p=3521"},"modified":"2018-03-31T11:43:16","modified_gmt":"2018-03-31T10:43:16","slug":"frohe-ostern-%f0%9f%90%a3","status":"publish","type":"post","link":"https:\/\/www.ferienhausmosel.eu\/en\/frohe-ostern-%f0%9f%90%a3\/","title":{"rendered":"Happy Easter ?"},"content":{"rendered":"<p>I wish you all a happy Easter.<br \/>\nYour hostess<br \/>\nChristiana Comes-Limbach<\/p>","protected":false},"excerpt":{"rendered":"<p>I wish you all a happy Easter. Your hostess Christiana Comes-Limbach<\/p>","protected":false},"author":5,"featured_media":3524,"comment_status":"closed","ping_status":"closed","sticky":false,"template":"","format":"standard","meta":{"footnotes":""},"categories":[1,239],"tags":[250,252,246,249,251],"class_list":["post-3521","post","type-post","status-publish","format-standard","has-post-thumbnail","hentry","category-allgemein","category-ferienhaeuser","tag-ferien","tag-klettersteig","tag-mittelmosel","tag-radfahren","tag-wandern"],"yoast_head":"<!-- This site is optimized with the Yoast SEO plugin v27.3 - https:\/\/yoast.com\/product\/yoast-seo-wordpress\/ -->\n<title>Frohe Ostern ? - Ferienhaus Mosel<\/title>\n<meta name=\"robots\" content=\"index, follow, max-snippet:-1, max-image-preview:large, max-video-preview:-1\" \/>\n<link rel=\"canonical\" href=\"https:\/\/www.ferienhausmosel.eu\/en\/frohe-ostern-\ud83d\udc23\/\" \/>\n<meta property=\"og:locale\" content=\"en_GB\" \/>\n<meta property=\"og:type\" content=\"article\" \/>\n<meta property=\"og:title\" content=\"Frohe Ostern ? - Ferienhaus Mosel\" \/>\n<meta property=\"og:description\" content=\"Ich w\u00fcnsche Ihnen allen ein frohes Osterfest. Ihre Gastgeberin Christiana Comes-Limbach\" \/>\n<meta property=\"og:url\" content=\"https:\/\/www.ferienhausmosel.eu\/en\/frohe-ostern-\ud83d\udc23\/\" \/>\n<meta property=\"og:site_name\" content=\"Ferienhaus Mosel\" \/>\n<meta property=\"article:publisher\" content=\"https:\/\/www.facebook.com\/moselferienhaus\" \/>\n<meta property=\"article:author\" content=\"https:\/\/www.facebook.com\/chri.coli.3\" \/>\n<meta property=\"article:published_time\" content=\"2018-03-31T10:43:16+00:00\" \/>\n<meta property=\"og:image\" content=\"https:\/\/www.ferienhausmosel.eu\/wp-content\/uploads\/2018\/03\/Bildschirmfoto-2018-03-31-um-11.48.59-715x1024.png\" \/>\n\t<meta property=\"og:image:width\" content=\"715\" \/>\n\t<meta property=\"og:image:height\" content=\"1024\" \/>\n\t<meta property=\"og:image:type\" content=\"image\/png\" \/>\n<meta name=\"author\" content=\"Christiana Comes-Limbach\" \/>\n<meta name=\"twitter:label1\" content=\"Written by\" \/>\n\t<meta name=\"twitter:data1\" content=\"Christiana Comes-Limbach\" \/>\n<script type=\"application\/ld+json\" class=\"yoast-schema-graph\">{\"@context\":\"https:\\\/\\\/schema.org\",\"@graph\":[{\"@type\":\"Article\",\"@id\":\"https:\\\/\\\/www.ferienhausmosel.eu\\\/frohe-ostern-%f0%9f%90%a3\\\/#article\",\"isPartOf\":{\"@id\":\"https:\\\/\\\/www.ferienhausmosel.eu\\\/frohe-ostern-%f0%9f%90%a3\\\/\"},\"author\":{\"name\":\"Christiana Comes-Limbach\",\"@id\":\"https:\\\/\\\/www.ferienhausmosel.eu\\\/#\\\/schema\\\/person\\\/2719a5249c81c7120c4883885e47ee16\"},\"headline\":\"Frohe Ostern ?\",\"datePublished\":\"2018-03-31T10:43:16+00:00\",\"mainEntityOfPage\":{\"@id\":\"https:\\\/\\\/www.ferienhausmosel.eu\\\/frohe-ostern-%f0%9f%90%a3\\\/\"},\"wordCount\":14,\"image\":{\"@id\":\"https:\\\/\\\/www.ferienhausmosel.eu\\\/frohe-ostern-%f0%9f%90%a3\\\/#primaryimage\"},\"thumbnailUrl\":\"https:\\\/\\\/www.ferienhausmosel.eu\\\/wp-content\\\/uploads\\\/2018\\\/03\\\/Bildschirmfoto-2018-03-31-um-11.48.59.png\",\"keywords\":[\"Ferien\",\"Klettersteig\",\"Mittelmosel\",\"Radfahren\",\"Wandern\"],\"articleSection\":[\"Allgemein\",\"Ferienh\u00e4user\"],\"inLanguage\":\"en-GB\"},{\"@type\":\"WebPage\",\"@id\":\"https:\\\/\\\/www.ferienhausmosel.eu\\\/frohe-ostern-%f0%9f%90%a3\\\/\",\"url\":\"https:\\\/\\\/www.ferienhausmosel.eu\\\/frohe-ostern-%f0%9f%90%a3\\\/\",\"name\":\"Frohe Ostern ? - Ferienhaus Mosel\",\"isPartOf\":{\"@id\":\"https:\\\/\\\/www.ferienhausmosel.eu\\\/#website\"},\"primaryImageOfPage\":{\"@id\":\"https:\\\/\\\/www.ferienhausmosel.eu\\\/frohe-ostern-%f0%9f%90%a3\\\/#primaryimage\"},\"image\":{\"@id\":\"https:\\\/\\\/www.ferienhausmosel.eu\\\/frohe-ostern-%f0%9f%90%a3\\\/#primaryimage\"},\"thumbnailUrl\":\"https:\\\/\\\/www.ferienhausmosel.eu\\\/wp-content\\\/uploads\\\/2018\\\/03\\\/Bildschirmfoto-2018-03-31-um-11.48.59.png\",\"datePublished\":\"2018-03-31T10:43:16+00:00\",\"author\":{\"@id\":\"https:\\\/\\\/www.ferienhausmosel.eu\\\/#\\\/schema\\\/person\\\/2719a5249c81c7120c4883885e47ee16\"},\"breadcrumb\":{\"@id\":\"https:\\\/\\\/www.ferienhausmosel.eu\\\/frohe-ostern-%f0%9f%90%a3\\\/#breadcrumb\"},\"inLanguage\":\"en-GB\",\"potentialAction\":[{\"@type\":\"ReadAction\",\"target\":[\"https:\\\/\\\/www.ferienhausmosel.eu\\\/frohe-ostern-%f0%9f%90%a3\\\/\"]}]},{\"@type\":\"ImageObject\",\"inLanguage\":\"en-GB\",\"@id\":\"https:\\\/\\\/www.ferienhausmosel.eu\\\/frohe-ostern-%f0%9f%90%a3\\\/#primaryimage\",\"url\":\"https:\\\/\\\/www.ferienhausmosel.eu\\\/wp-content\\\/uploads\\\/2018\\\/03\\\/Bildschirmfoto-2018-03-31-um-11.48.59.png\",\"contentUrl\":\"https:\\\/\\\/www.ferienhausmosel.eu\\\/wp-content\\\/uploads\\\/2018\\\/03\\\/Bildschirmfoto-2018-03-31-um-11.48.59.png\",\"width\":852,\"height\":1220},{\"@type\":\"BreadcrumbList\",\"@id\":\"https:\\\/\\\/www.ferienhausmosel.eu\\\/frohe-ostern-%f0%9f%90%a3\\\/#breadcrumb\",\"itemListElement\":[{\"@type\":\"ListItem\",\"position\":1,\"name\":\"Home\",\"item\":\"https:\\\/\\\/www.ferienhausmosel.eu\\\/\"},{\"@type\":\"ListItem\",\"position\":2,\"name\":\"Ferien\",\"item\":\"https:\\\/\\\/www.ferienhausmosel.eu\\\/en\\\/tag\\\/ferien\\\/\"},{\"@type\":\"ListItem\",\"position\":3,\"name\":\"Frohe Ostern ?\"}]},{\"@type\":\"WebSite\",\"@id\":\"https:\\\/\\\/www.ferienhausmosel.eu\\\/#website\",\"url\":\"https:\\\/\\\/www.ferienhausmosel.eu\\\/\",\"name\":\"Ferienhaus Mosel\",\"description\":\"Die Ferienh\u00e4user in \u00dcrzig und Zeltingen mit dem besonderen Charme\",\"potentialAction\":[{\"@type\":\"SearchAction\",\"target\":{\"@type\":\"EntryPoint\",\"urlTemplate\":\"https:\\\/\\\/www.ferienhausmosel.eu\\\/?s={search_term_string}\"},\"query-input\":{\"@type\":\"PropertyValueSpecification\",\"valueRequired\":true,\"valueName\":\"search_term_string\"}}],\"inLanguage\":\"en-GB\"},{\"@type\":\"Person\",\"@id\":\"https:\\\/\\\/www.ferienhausmosel.eu\\\/#\\\/schema\\\/person\\\/2719a5249c81c7120c4883885e47ee16\",\"name\":\"Christiana Comes-Limbach\",\"image\":{\"@type\":\"ImageObject\",\"inLanguage\":\"en-GB\",\"@id\":\"https:\\\/\\\/secure.gravatar.com\\\/avatar\\\/dffda485d976823a89f7f2b31b7888aad65cafc868d7c9f81b97125373aa3f1c?s=96&d=mm&r=g\",\"url\":\"https:\\\/\\\/secure.gravatar.com\\\/avatar\\\/dffda485d976823a89f7f2b31b7888aad65cafc868d7c9f81b97125373aa3f1c?s=96&d=mm&r=g\",\"contentUrl\":\"https:\\\/\\\/secure.gravatar.com\\\/avatar\\\/dffda485d976823a89f7f2b31b7888aad65cafc868d7c9f81b97125373aa3f1c?s=96&d=mm&r=g\",\"caption\":\"Christiana Comes-Limbach\"},\"description\":\"Als kaufm\u00e4nnische Leiterin des Metallbauers Limbach Maschinen mit Sitz in Mayen bleibt der dreifachen Mutter nur wenig Zeit f\u00fcr sich. Die findet die geb\u00fcrtige Moselanerin in ihrer Heimat. Mit ihren ganz pers\u00f6nlichen Ferienh\u00e4usern bietet Sie Menschen Erholung, Ruhe und Entspannung an der Mittelmosel.\",\"sameAs\":[\"https:\\\/\\\/www.facebook.com\\\/chri.coli.3\"],\"url\":\"https:\\\/\\\/www.ferienhausmosel.eu\\\/en\\\/author\\\/chricoli\\\/\"}]}<\/script>\n<!-- \/ Yoast SEO plugin. -->","yoast_head_json":{"title":"Frohe Ostern ? - Ferienhaus Mosel","robots":{"index":"index","follow":"follow","max-snippet":"max-snippet:-1","max-image-preview":"max-image-preview:large","max-video-preview":"max-video-preview:-1"},"canonical":"https:\/\/www.ferienhausmosel.eu\/en\/frohe-ostern-\ud83d\udc23\/","og_locale":"en_GB","og_type":"article","og_title":"Frohe Ostern ? - Ferienhaus Mosel","og_description":"Ich w\u00fcnsche Ihnen allen ein frohes Osterfest. Ihre Gastgeberin Christiana Comes-Limbach","og_url":"https:\/\/www.ferienhausmosel.eu\/en\/frohe-ostern-\ud83d\udc23\/","og_site_name":"Ferienhaus Mosel","article_publisher":"https:\/\/www.facebook.com\/moselferienhaus","article_author":"https:\/\/www.facebook.com\/chri.coli.3","article_published_time":"2018-03-31T10:43:16+00:00","og_image":[{"width":715,"height":1024,"url":"https:\/\/www.ferienhausmosel.eu\/wp-content\/uploads\/2018\/03\/Bildschirmfoto-2018-03-31-um-11.48.59-715x1024.png","type":"image\/png"}],"author":"Christiana Comes-Limbach","twitter_misc":{"Written by":"Christiana Comes-Limbach"},"schema":{"@context":"https:\/\/schema.org","@graph":[{"@type":"Article","@id":"https:\/\/www.ferienhausmosel.eu\/frohe-ostern-%f0%9f%90%a3\/#article","isPartOf":{"@id":"https:\/\/www.ferienhausmosel.eu\/frohe-ostern-%f0%9f%90%a3\/"},"author":{"name":"Christiana Comes-Limbach","@id":"https:\/\/www.ferienhausmosel.eu\/#\/schema\/person\/2719a5249c81c7120c4883885e47ee16"},"headline":"Frohe Ostern ?","datePublished":"2018-03-31T10:43:16+00:00","mainEntityOfPage":{"@id":"https:\/\/www.ferienhausmosel.eu\/frohe-ostern-%f0%9f%90%a3\/"},"wordCount":14,"image":{"@id":"https:\/\/www.ferienhausmosel.eu\/frohe-ostern-%f0%9f%90%a3\/#primaryimage"},"thumbnailUrl":"https:\/\/www.ferienhausmosel.eu\/wp-content\/uploads\/2018\/03\/Bildschirmfoto-2018-03-31-um-11.48.59.png","keywords":["Ferien","Klettersteig","Mittelmosel","Radfahren","Wandern"],"articleSection":["Allgemein","Ferienh\u00e4user"],"inLanguage":"en-GB"},{"@type":"WebPage","@id":"https:\/\/www.ferienhausmosel.eu\/frohe-ostern-%f0%9f%90%a3\/","url":"https:\/\/www.ferienhausmosel.eu\/frohe-ostern-%f0%9f%90%a3\/","name":"Frohe Ostern ? - Ferienhaus Mosel","isPartOf":{"@id":"https:\/\/www.ferienhausmosel.eu\/#website"},"primaryImageOfPage":{"@id":"https:\/\/www.ferienhausmosel.eu\/frohe-ostern-%f0%9f%90%a3\/#primaryimage"},"image":{"@id":"https:\/\/www.ferienhausmosel.eu\/frohe-ostern-%f0%9f%90%a3\/#primaryimage"},"thumbnailUrl":"https:\/\/www.ferienhausmosel.eu\/wp-content\/uploads\/2018\/03\/Bildschirmfoto-2018-03-31-um-11.48.59.png","datePublished":"2018-03-31T10:43:16+00:00","author":{"@id":"https:\/\/www.ferienhausmosel.eu\/#\/schema\/person\/2719a5249c81c7120c4883885e47ee16"},"breadcrumb":{"@id":"https:\/\/www.ferienhausmosel.eu\/frohe-ostern-%f0%9f%90%a3\/#breadcrumb"},"inLanguage":"en-GB","potentialAction":[{"@type":"ReadAction","target":["https:\/\/www.ferienhausmosel.eu\/frohe-ostern-%f0%9f%90%a3\/"]}]},{"@type":"ImageObject","inLanguage":"en-GB","@id":"https:\/\/www.ferienhausmosel.eu\/frohe-ostern-%f0%9f%90%a3\/#primaryimage","url":"https:\/\/www.ferienhausmosel.eu\/wp-content\/uploads\/2018\/03\/Bildschirmfoto-2018-03-31-um-11.48.59.png","contentUrl":"https:\/\/www.ferienhausmosel.eu\/wp-content\/uploads\/2018\/03\/Bildschirmfoto-2018-03-31-um-11.48.59.png","width":852,"height":1220},{"@type":"BreadcrumbList","@id":"https:\/\/www.ferienhausmosel.eu\/frohe-ostern-%f0%9f%90%a3\/#breadcrumb","itemListElement":[{"@type":"ListItem","position":1,"name":"Home","item":"https:\/\/www.ferienhausmosel.eu\/"},{"@type":"ListItem","position":2,"name":"Ferien","item":"https:\/\/www.ferienhausmosel.eu\/en\/tag\/ferien\/"},{"@type":"ListItem","position":3,"name":"Frohe Ostern ?"}]},{"@type":"WebSite","@id":"https:\/\/www.ferienhausmosel.eu\/#website","url":"https:\/\/www.ferienhausmosel.eu\/","name":"Holiday house Moselle","description":"The cottages in \u00dcrzig and Zeltingen with the special charm","potentialAction":[{"@type":"SearchAction","target":{"@type":"EntryPoint","urlTemplate":"https:\/\/www.ferienhausmosel.eu\/?s={search_term_string}"},"query-input":{"@type":"PropertyValueSpecification","valueRequired":true,"valueName":"search_term_string"}}],"inLanguage":"en-GB"},{"@type":"Person","@id":"https:\/\/www.ferienhausmosel.eu\/#\/schema\/person\/2719a5249c81c7120c4883885e47ee16","name":"Christiana Comes-Limbach","image":{"@type":"ImageObject","inLanguage":"en-GB","@id":"https:\/\/secure.gravatar.com\/avatar\/dffda485d976823a89f7f2b31b7888aad65cafc868d7c9f81b97125373aa3f1c?s=96&d=mm&r=g","url":"https:\/\/secure.gravatar.com\/avatar\/dffda485d976823a89f7f2b31b7888aad65cafc868d7c9f81b97125373aa3f1c?s=96&d=mm&r=g","contentUrl":"https:\/\/secure.gravatar.com\/avatar\/dffda485d976823a89f7f2b31b7888aad65cafc868d7c9f81b97125373aa3f1c?s=96&d=mm&r=g","caption":"Christiana Comes-Limbach"},"description":"As the commercial manager of the metalworker Limbach Maschinen located in Mayen, the three-time mother has little time left for herself. She finds the native Mosel woman in her homeland. With their very personal holiday homes offers people recreation, rest and relaxation in the Middle Moselle.","sameAs":["https:\/\/www.facebook.com\/chri.coli.3"],"url":"https:\/\/www.ferienhausmosel.eu\/en\/author\/chricoli\/"}]}},"_links":{"self":[{"href":"https:\/\/www.ferienhausmosel.eu\/en\/wp-json\/wp\/v2\/posts\/3521","targetHints":{"allow":["GET"]}}],"collection":[{"href":"https:\/\/www.ferienhausmosel.eu\/en\/wp-json\/wp\/v2\/posts"}],"about":[{"href":"https:\/\/www.ferienhausmosel.eu\/en\/wp-json\/wp\/v2\/types\/post"}],"author":[{"embeddable":true,"href":"https:\/\/www.ferienhausmosel.eu\/en\/wp-json\/wp\/v2\/users\/5"}],"replies":[{"embeddable":true,"href":"https:\/\/www.ferienhausmosel.eu\/en\/wp-json\/wp\/v2\/comments?post=3521"}],"version-history":[{"count":1,"href":"https:\/\/www.ferienhausmosel.eu\/en\/wp-json\/wp\/v2\/posts\/3521\/revisions"}],"predecessor-version":[{"id":3522,"href":"https:\/\/www.ferienhausmosel.eu\/en\/wp-json\/wp\/v2\/posts\/3521\/revisions\/3522"}],"wp:featuredmedia":[{"embeddable":true,"href":"https:\/\/www.ferienhausmosel.eu\/en\/wp-json\/wp\/v2\/media\/3524"}],"wp:attachment":[{"href":"https:\/\/www.ferienhausmosel.eu\/en\/wp-json\/wp\/v2\/media?parent=3521"}],"wp:term":[{"taxonomy":"category","embeddable":true,"href":"https:\/\/www.ferienhausmosel.eu\/en\/wp-json\/wp\/v2\/categories?post=3521"},{"taxonomy":"post_tag","embeddable":true,"href":"https:\/\/www.ferienhausmosel.eu\/en\/wp-json\/wp\/v2\/tags?post=3521"}],"curies":[{"name":"wp","href":"https:\/\/api.w.org\/{rel}","templated":true}]}}