{"id":3256,"date":"2017-01-27T15:56:43","date_gmt":"2017-01-27T14:56:43","guid":{"rendered":"http:\/\/www.ferienhaus-mosel.info\/?p=3256"},"modified":"2017-01-27T18:05:22","modified_gmt":"2017-01-27T17:05:22","slug":"meine-mittelmosel","status":"publish","type":"post","link":"https:\/\/www.ferienhausmosel.eu\/fr\/meine-mittelmosel\/","title":{"rendered":"Ma Moselle moyenne"},"content":{"rendered":"<p>La Moselle s&#039;\u00e9l\u00e8ve dans les Vosges, traverse la France et le Luxembourg jusqu&#039;\u00e0 ce qu&#039;elle se jette dans le Rhin au coin allemand de Coblence en Allemagne.<!--more--><br \/>\nIl est divis\u00e9 en Moselle sup\u00e9rieure, moyenne et inf\u00e9rieure, chacun avec son propre caract\u00e8re individuel dans les sections individuelles. La Moselle moyenne est d\u00e9finie g\u00e9ographiquement de Schweich \u00e0 Zell. \u00dcrzig et Zeltingen sont situ\u00e9s au c\u0153ur de la Moyenne Moselle.<br \/>\nLe cours de la rivi\u00e8re entre Bernkastel-Kues et Traben-Trarbach forme un gant. Caract\u00e9ris\u00e9e par les nombreux m\u00e9andres, la Moselle a trouv\u00e9 un itin\u00e9raire particuli\u00e8rement attractif \u00e0 travers les montagnes Rhenish Slate. La faune et la flore offrent \u00e9galement de nombreux points forts \u00e0 l&#039;observateur attentif. Les rochers sont des lieux de reproduction populaires pour les hiboux, les cerfs-volants rouges et les faucons p\u00e8lerins, vous pouvez trouver le rare papillon Apollo et le long des sentiers cyclables et de randonn\u00e9e (par exemple Erden via ferrata et la piste cyclable Moselle-Maare), les orchid\u00e9es sauvages cr\u00e9ent des touches de couleurs stimulantes.<\/p>\n<p>La particularit\u00e9 de la Moselle moyenne est certainement la forme des rochers et des pentes abruptes. Parfois plus robustes, parfois plus doux, ils peuvent avoir une pente allant jusqu&#039;\u00e0 65%.<br \/>\nDes raisins d&#039;une qualit\u00e9 particuli\u00e8re poussent sur cette colline, et les anciens Romains, qui fond\u00e8rent la viticulture sur la Moselle, le savaient d\u00e9j\u00e0. C&#039;est pourquoi la Moselle est la plus ancienne r\u00e9gion viticole d&#039;Allemagne. Vous pouvez trouver des reliques de cette p\u00e9riode le long de la Moselle. B. \u00e0 Erden, un ancien pressoir \u00e0 vin romain d\u00e9couvert lors d&#039;un remembrement.<\/p>\n<p>Les raisins riesling sont la marque de fabrique de la Moselle depuis des si\u00e8cles, mais le spectre s&#039;est consid\u00e9rablement \u00e9largi ces derni\u00e8res ann\u00e9es. En raison du changement climatique, entre autres, une grande vari\u00e9t\u00e9 de c\u00e9pages blancs et rouges est cultiv\u00e9e aujourd&#039;hui.<\/p>\n<p>Les vignerons rel\u00e8vent le d\u00e9fi avec c\u0153ur et passion, et pas seulement dans les vendanges. Presque exclusivement \u00e0 la main, un certain nombre de vignerons produisent encore leurs propres vins ici, chaque vin a donc sa propre touche. Le Moselaner est une personne ouverte d&#039;esprit, amicale et sociable.<\/p>\n<p>Obtenez votre propre image de la Moselle moyenne, du paysage, du vin et des gens.<\/p>","protected":false},"excerpt":{"rendered":"<p>La Moselle s&#039;\u00e9l\u00e8ve dans les Vosges, traverse la France et le Luxembourg jusqu&#039;\u00e0 ce qu&#039;elle se jette dans le Rhin au coin allemand de Coblence en Allemagne.<\/p>","protected":false},"author":5,"featured_media":3103,"comment_status":"closed","ping_status":"closed","sticky":false,"template":"","format":"standard","meta":{"footnotes":""},"categories":[1,237],"tags":[],"class_list":["post-3256","post","type-post","status-publish","format-standard","has-post-thumbnail","hentry","category-allgemein","category-meine-mittelmosel"],"yoast_head":"<!-- This site is optimized with the Yoast SEO plugin v27.3 - https:\/\/yoast.com\/product\/yoast-seo-wordpress\/ -->\n<title>Meine Mittelmosel - Ferienhaus Mosel<\/title>\n<meta name=\"robots\" content=\"index, follow, max-snippet:-1, max-image-preview:large, max-video-preview:-1\" \/>\n<link rel=\"canonical\" href=\"https:\/\/www.ferienhausmosel.eu\/fr\/meine-mittelmosel\/\" \/>\n<meta property=\"og:locale\" content=\"fr_FR\" \/>\n<meta property=\"og:type\" content=\"article\" \/>\n<meta property=\"og:title\" content=\"Meine Mittelmosel - Ferienhaus Mosel\" \/>\n<meta property=\"og:description\" content=\"Die Mosel entspringt in den Vogesen, flie\u00dft durch Frankreich und Luxemburg bis sie dann in Deutschland am Deutschen Eck in Koblenz in den Rhein m\u00fcndet.\" \/>\n<meta property=\"og:url\" content=\"https:\/\/www.ferienhausmosel.eu\/fr\/meine-mittelmosel\/\" \/>\n<meta property=\"og:site_name\" content=\"Ferienhaus Mosel\" \/>\n<meta property=\"article:publisher\" content=\"https:\/\/www.facebook.com\/moselferienhaus\" \/>\n<meta property=\"article:author\" content=\"https:\/\/www.facebook.com\/chri.coli.3\" \/>\n<meta property=\"article:published_time\" content=\"2017-01-27T14:56:43+00:00\" \/>\n<meta property=\"article:modified_time\" content=\"2017-01-27T17:05:22+00:00\" \/>\n<meta property=\"og:image\" content=\"https:\/\/www.ferienhausmosel.eu\/wp-content\/uploads\/2016\/07\/ferienhaus-mosel-uerzig.jpg\" \/>\n\t<meta property=\"og:image:width\" content=\"1680\" \/>\n\t<meta property=\"og:image:height\" content=\"876\" \/>\n\t<meta property=\"og:image:type\" content=\"image\/jpeg\" \/>\n<meta name=\"author\" content=\"Christiana Comes-Limbach\" \/>\n<meta name=\"twitter:label1\" content=\"\u00c9crit par\" \/>\n\t<meta name=\"twitter:data1\" content=\"Christiana Comes-Limbach\" \/>\n\t<meta name=\"twitter:label2\" content=\"Dur\u00e9e de lecture estim\u00e9e\" \/>\n\t<meta name=\"twitter:data2\" content=\"2 minutes\" \/>\n<script type=\"application\/ld+json\" class=\"yoast-schema-graph\">{\"@context\":\"https:\\\/\\\/schema.org\",\"@graph\":[{\"@type\":\"Article\",\"@id\":\"https:\\\/\\\/www.ferienhausmosel.eu\\\/meine-mittelmosel\\\/#article\",\"isPartOf\":{\"@id\":\"https:\\\/\\\/www.ferienhausmosel.eu\\\/meine-mittelmosel\\\/\"},\"author\":{\"name\":\"Christiana Comes-Limbach\",\"@id\":\"https:\\\/\\\/www.ferienhausmosel.eu\\\/#\\\/schema\\\/person\\\/2719a5249c81c7120c4883885e47ee16\"},\"headline\":\"Meine Mittelmosel\",\"datePublished\":\"2017-01-27T14:56:43+00:00\",\"dateModified\":\"2017-01-27T17:05:22+00:00\",\"mainEntityOfPage\":{\"@id\":\"https:\\\/\\\/www.ferienhausmosel.eu\\\/meine-mittelmosel\\\/\"},\"wordCount\":330,\"image\":{\"@id\":\"https:\\\/\\\/www.ferienhausmosel.eu\\\/meine-mittelmosel\\\/#primaryimage\"},\"thumbnailUrl\":\"https:\\\/\\\/www.ferienhausmosel.eu\\\/wp-content\\\/uploads\\\/2016\\\/07\\\/ferienhaus-mosel-uerzig.jpg\",\"articleSection\":[\"Allgemein\",\"Meine Mittelmosel\"],\"inLanguage\":\"fr-FR\"},{\"@type\":\"WebPage\",\"@id\":\"https:\\\/\\\/www.ferienhausmosel.eu\\\/meine-mittelmosel\\\/\",\"url\":\"https:\\\/\\\/www.ferienhausmosel.eu\\\/meine-mittelmosel\\\/\",\"name\":\"Meine Mittelmosel - Ferienhaus Mosel\",\"isPartOf\":{\"@id\":\"https:\\\/\\\/www.ferienhausmosel.eu\\\/#website\"},\"primaryImageOfPage\":{\"@id\":\"https:\\\/\\\/www.ferienhausmosel.eu\\\/meine-mittelmosel\\\/#primaryimage\"},\"image\":{\"@id\":\"https:\\\/\\\/www.ferienhausmosel.eu\\\/meine-mittelmosel\\\/#primaryimage\"},\"thumbnailUrl\":\"https:\\\/\\\/www.ferienhausmosel.eu\\\/wp-content\\\/uploads\\\/2016\\\/07\\\/ferienhaus-mosel-uerzig.jpg\",\"datePublished\":\"2017-01-27T14:56:43+00:00\",\"dateModified\":\"2017-01-27T17:05:22+00:00\",\"author\":{\"@id\":\"https:\\\/\\\/www.ferienhausmosel.eu\\\/#\\\/schema\\\/person\\\/2719a5249c81c7120c4883885e47ee16\"},\"breadcrumb\":{\"@id\":\"https:\\\/\\\/www.ferienhausmosel.eu\\\/meine-mittelmosel\\\/#breadcrumb\"},\"inLanguage\":\"fr-FR\",\"potentialAction\":[{\"@type\":\"ReadAction\",\"target\":[\"https:\\\/\\\/www.ferienhausmosel.eu\\\/meine-mittelmosel\\\/\"]}]},{\"@type\":\"ImageObject\",\"inLanguage\":\"fr-FR\",\"@id\":\"https:\\\/\\\/www.ferienhausmosel.eu\\\/meine-mittelmosel\\\/#primaryimage\",\"url\":\"https:\\\/\\\/www.ferienhausmosel.eu\\\/wp-content\\\/uploads\\\/2016\\\/07\\\/ferienhaus-mosel-uerzig.jpg\",\"contentUrl\":\"https:\\\/\\\/www.ferienhausmosel.eu\\\/wp-content\\\/uploads\\\/2016\\\/07\\\/ferienhaus-mosel-uerzig.jpg\",\"width\":1680,\"height\":876,\"caption\":\"https:\\\/\\\/www.flickr.com\\\/photos\\\/81921714@N00\\\/3658104546\\\/\"},{\"@type\":\"BreadcrumbList\",\"@id\":\"https:\\\/\\\/www.ferienhausmosel.eu\\\/meine-mittelmosel\\\/#breadcrumb\",\"itemListElement\":[{\"@type\":\"ListItem\",\"position\":1,\"name\":\"Home\",\"item\":\"https:\\\/\\\/www.ferienhausmosel.eu\\\/\"},{\"@type\":\"ListItem\",\"position\":2,\"name\":\"Meine Mittelmosel\"}]},{\"@type\":\"WebSite\",\"@id\":\"https:\\\/\\\/www.ferienhausmosel.eu\\\/#website\",\"url\":\"https:\\\/\\\/www.ferienhausmosel.eu\\\/\",\"name\":\"Ferienhaus Mosel\",\"description\":\"Die Ferienh\u00e4user in \u00dcrzig und Zeltingen mit dem besonderen Charme\",\"potentialAction\":[{\"@type\":\"SearchAction\",\"target\":{\"@type\":\"EntryPoint\",\"urlTemplate\":\"https:\\\/\\\/www.ferienhausmosel.eu\\\/?s={search_term_string}\"},\"query-input\":{\"@type\":\"PropertyValueSpecification\",\"valueRequired\":true,\"valueName\":\"search_term_string\"}}],\"inLanguage\":\"fr-FR\"},{\"@type\":\"Person\",\"@id\":\"https:\\\/\\\/www.ferienhausmosel.eu\\\/#\\\/schema\\\/person\\\/2719a5249c81c7120c4883885e47ee16\",\"name\":\"Christiana Comes-Limbach\",\"image\":{\"@type\":\"ImageObject\",\"inLanguage\":\"fr-FR\",\"@id\":\"https:\\\/\\\/secure.gravatar.com\\\/avatar\\\/dffda485d976823a89f7f2b31b7888aad65cafc868d7c9f81b97125373aa3f1c?s=96&d=mm&r=g\",\"url\":\"https:\\\/\\\/secure.gravatar.com\\\/avatar\\\/dffda485d976823a89f7f2b31b7888aad65cafc868d7c9f81b97125373aa3f1c?s=96&d=mm&r=g\",\"contentUrl\":\"https:\\\/\\\/secure.gravatar.com\\\/avatar\\\/dffda485d976823a89f7f2b31b7888aad65cafc868d7c9f81b97125373aa3f1c?s=96&d=mm&r=g\",\"caption\":\"Christiana Comes-Limbach\"},\"description\":\"Als kaufm\u00e4nnische Leiterin des Metallbauers Limbach Maschinen mit Sitz in Mayen bleibt der dreifachen Mutter nur wenig Zeit f\u00fcr sich. Die findet die geb\u00fcrtige Moselanerin in ihrer Heimat. Mit ihren ganz pers\u00f6nlichen Ferienh\u00e4usern bietet Sie Menschen Erholung, Ruhe und Entspannung an der Mittelmosel.\",\"sameAs\":[\"https:\\\/\\\/www.facebook.com\\\/chri.coli.3\"],\"url\":\"https:\\\/\\\/www.ferienhausmosel.eu\\\/fr\\\/author\\\/chricoli\\\/\"}]}<\/script>\n<!-- \/ Yoast SEO plugin. -->","yoast_head_json":{"title":"Meine Mittelmosel - Ferienhaus Mosel","robots":{"index":"index","follow":"follow","max-snippet":"max-snippet:-1","max-image-preview":"max-image-preview:large","max-video-preview":"max-video-preview:-1"},"canonical":"https:\/\/www.ferienhausmosel.eu\/fr\/meine-mittelmosel\/","og_locale":"fr_FR","og_type":"article","og_title":"Meine Mittelmosel - Ferienhaus Mosel","og_description":"Die Mosel entspringt in den Vogesen, flie\u00dft durch Frankreich und Luxemburg bis sie dann in Deutschland am Deutschen Eck in Koblenz in den Rhein m\u00fcndet.","og_url":"https:\/\/www.ferienhausmosel.eu\/fr\/meine-mittelmosel\/","og_site_name":"Ferienhaus Mosel","article_publisher":"https:\/\/www.facebook.com\/moselferienhaus","article_author":"https:\/\/www.facebook.com\/chri.coli.3","article_published_time":"2017-01-27T14:56:43+00:00","article_modified_time":"2017-01-27T17:05:22+00:00","og_image":[{"width":1680,"height":876,"url":"https:\/\/www.ferienhausmosel.eu\/wp-content\/uploads\/2016\/07\/ferienhaus-mosel-uerzig.jpg","type":"image\/jpeg"}],"author":"Christiana Comes-Limbach","twitter_misc":{"\u00c9crit par":"Christiana Comes-Limbach","Dur\u00e9e de lecture estim\u00e9e":"2 minutes"},"schema":{"@context":"https:\/\/schema.org","@graph":[{"@type":"Article","@id":"https:\/\/www.ferienhausmosel.eu\/meine-mittelmosel\/#article","isPartOf":{"@id":"https:\/\/www.ferienhausmosel.eu\/meine-mittelmosel\/"},"author":{"name":"Christiana Comes-Limbach","@id":"https:\/\/www.ferienhausmosel.eu\/#\/schema\/person\/2719a5249c81c7120c4883885e47ee16"},"headline":"Meine Mittelmosel","datePublished":"2017-01-27T14:56:43+00:00","dateModified":"2017-01-27T17:05:22+00:00","mainEntityOfPage":{"@id":"https:\/\/www.ferienhausmosel.eu\/meine-mittelmosel\/"},"wordCount":330,"image":{"@id":"https:\/\/www.ferienhausmosel.eu\/meine-mittelmosel\/#primaryimage"},"thumbnailUrl":"https:\/\/www.ferienhausmosel.eu\/wp-content\/uploads\/2016\/07\/ferienhaus-mosel-uerzig.jpg","articleSection":["Allgemein","Meine Mittelmosel"],"inLanguage":"fr-FR"},{"@type":"WebPage","@id":"https:\/\/www.ferienhausmosel.eu\/meine-mittelmosel\/","url":"https:\/\/www.ferienhausmosel.eu\/meine-mittelmosel\/","name":"Meine Mittelmosel - Ferienhaus Mosel","isPartOf":{"@id":"https:\/\/www.ferienhausmosel.eu\/#website"},"primaryImageOfPage":{"@id":"https:\/\/www.ferienhausmosel.eu\/meine-mittelmosel\/#primaryimage"},"image":{"@id":"https:\/\/www.ferienhausmosel.eu\/meine-mittelmosel\/#primaryimage"},"thumbnailUrl":"https:\/\/www.ferienhausmosel.eu\/wp-content\/uploads\/2016\/07\/ferienhaus-mosel-uerzig.jpg","datePublished":"2017-01-27T14:56:43+00:00","dateModified":"2017-01-27T17:05:22+00:00","author":{"@id":"https:\/\/www.ferienhausmosel.eu\/#\/schema\/person\/2719a5249c81c7120c4883885e47ee16"},"breadcrumb":{"@id":"https:\/\/www.ferienhausmosel.eu\/meine-mittelmosel\/#breadcrumb"},"inLanguage":"fr-FR","potentialAction":[{"@type":"ReadAction","target":["https:\/\/www.ferienhausmosel.eu\/meine-mittelmosel\/"]}]},{"@type":"ImageObject","inLanguage":"fr-FR","@id":"https:\/\/www.ferienhausmosel.eu\/meine-mittelmosel\/#primaryimage","url":"https:\/\/www.ferienhausmosel.eu\/wp-content\/uploads\/2016\/07\/ferienhaus-mosel-uerzig.jpg","contentUrl":"https:\/\/www.ferienhausmosel.eu\/wp-content\/uploads\/2016\/07\/ferienhaus-mosel-uerzig.jpg","width":1680,"height":876,"caption":"https:\/\/www.flickr.com\/photos\/81921714@N00\/3658104546\/"},{"@type":"BreadcrumbList","@id":"https:\/\/www.ferienhausmosel.eu\/meine-mittelmosel\/#breadcrumb","itemListElement":[{"@type":"ListItem","position":1,"name":"Home","item":"https:\/\/www.ferienhausmosel.eu\/"},{"@type":"ListItem","position":2,"name":"Meine Mittelmosel"}]},{"@type":"WebSite","@id":"https:\/\/www.ferienhausmosel.eu\/#website","url":"https:\/\/www.ferienhausmosel.eu\/","name":"Maison de vacances Moselle","description":"Les maisons de vacances \u00e0 \u00dcrzig et Zeltingen avec un charme particulier","potentialAction":[{"@type":"SearchAction","target":{"@type":"EntryPoint","urlTemplate":"https:\/\/www.ferienhausmosel.eu\/?s={search_term_string}"},"query-input":{"@type":"PropertyValueSpecification","valueRequired":true,"valueName":"search_term_string"}}],"inLanguage":"fr-FR"},{"@type":"Person","@id":"https:\/\/www.ferienhausmosel.eu\/#\/schema\/person\/2719a5249c81c7120c4883885e47ee16","name":"Christiana Comes-Limbach","image":{"@type":"ImageObject","inLanguage":"fr-FR","@id":"https:\/\/secure.gravatar.com\/avatar\/dffda485d976823a89f7f2b31b7888aad65cafc868d7c9f81b97125373aa3f1c?s=96&d=mm&r=g","url":"https:\/\/secure.gravatar.com\/avatar\/dffda485d976823a89f7f2b31b7888aad65cafc868d7c9f81b97125373aa3f1c?s=96&d=mm&r=g","contentUrl":"https:\/\/secure.gravatar.com\/avatar\/dffda485d976823a89f7f2b31b7888aad65cafc868d7c9f81b97125373aa3f1c?s=96&d=mm&r=g","caption":"Christiana Comes-Limbach"},"description":"En tant que directrice commerciale de l&#039;entreprise m\u00e9tallurgique Limbach Maschinen bas\u00e9e \u00e0 Mayen, la m\u00e8re de trois enfants a peu de temps pour elle. La native de la Moselle trouve cela dans son pays natal. Avec leurs maisons de vacances tr\u00e8s personnelles, ils offrent aux gens repos, paix et d\u00e9tente sur la Moyenne Moselle.","sameAs":["https:\/\/www.facebook.com\/chri.coli.3"],"url":"https:\/\/www.ferienhausmosel.eu\/fr\/author\/chricoli\/"}]}},"_links":{"self":[{"href":"https:\/\/www.ferienhausmosel.eu\/fr\/wp-json\/wp\/v2\/posts\/3256","targetHints":{"allow":["GET"]}}],"collection":[{"href":"https:\/\/www.ferienhausmosel.eu\/fr\/wp-json\/wp\/v2\/posts"}],"about":[{"href":"https:\/\/www.ferienhausmosel.eu\/fr\/wp-json\/wp\/v2\/types\/post"}],"author":[{"embeddable":true,"href":"https:\/\/www.ferienhausmosel.eu\/fr\/wp-json\/wp\/v2\/users\/5"}],"replies":[{"embeddable":true,"href":"https:\/\/www.ferienhausmosel.eu\/fr\/wp-json\/wp\/v2\/comments?post=3256"}],"version-history":[{"count":2,"href":"https:\/\/www.ferienhausmosel.eu\/fr\/wp-json\/wp\/v2\/posts\/3256\/revisions"}],"predecessor-version":[{"id":3263,"href":"https:\/\/www.ferienhausmosel.eu\/fr\/wp-json\/wp\/v2\/posts\/3256\/revisions\/3263"}],"wp:featuredmedia":[{"embeddable":true,"href":"https:\/\/www.ferienhausmosel.eu\/fr\/wp-json\/wp\/v2\/media\/3103"}],"wp:attachment":[{"href":"https:\/\/www.ferienhausmosel.eu\/fr\/wp-json\/wp\/v2\/media?parent=3256"}],"wp:term":[{"taxonomy":"category","embeddable":true,"href":"https:\/\/www.ferienhausmosel.eu\/fr\/wp-json\/wp\/v2\/categories?post=3256"},{"taxonomy":"post_tag","embeddable":true,"href":"https:\/\/www.ferienhausmosel.eu\/fr\/wp-json\/wp\/v2\/tags?post=3256"}],"curies":[{"name":"wp","href":"https:\/\/api.w.org\/{rel}","templated":true}]}}