{"id":3473,"date":"2017-03-26T18:39:55","date_gmt":"2017-03-26T17:39:55","guid":{"rendered":"http:\/\/www.ferienhaus-mosel.info\/?p=3473"},"modified":"2017-03-27T12:12:49","modified_gmt":"2017-03-27T11:12:49","slug":"fruehling-an-der-mittelmosel","status":"publish","type":"post","link":"https:\/\/www.ferienhausmosel.eu\/fr\/fruehling-an-der-mittelmosel\/","title":{"rendered":"Printemps sur la Moselle moyenne"},"content":{"rendered":"<p>C&#039;est comme \u00e7a que \u00e7a devrait \u00eatre ... week-end et soleil magnifique<\/p>\n<p>Sortez votre v\u00e9lo, vos chaussures de randonn\u00e9e ou vos patins \u00e0 roues align\u00e9es et c&#039;est parti.<\/p>\n<p>&nbsp;<\/p>","protected":false},"excerpt":{"rendered":"<p>C&#039;est ainsi que \u00e7a devrait \u00eatre ... Week-end et soleil radieux Sortez votre v\u00e9lo, vos chaussures de randonn\u00e9e ou vos rollers et c&#039;est parti. &nbsp;<\/p>","protected":false},"author":5,"featured_media":3482,"comment_status":"closed","ping_status":"closed","sticky":false,"template":"","format":"standard","meta":{"footnotes":""},"categories":[1,238,239],"tags":[247,246,249,248],"class_list":["post-3473","post","type-post","status-publish","format-standard","has-post-thumbnail","hentry","category-allgemein","category-chricoli","category-ferienhaeuser","tag-fruehling","tag-mittelmosel","tag-radfahren","tag-urlaub"],"yoast_head":"<!-- This site is optimized with the Yoast SEO plugin v27.3 - https:\/\/yoast.com\/product\/yoast-seo-wordpress\/ -->\n<title>Fr\u00fchling an der Mittelmosel - Ferienhaus Mosel<\/title>\n<meta name=\"robots\" content=\"index, follow, max-snippet:-1, max-image-preview:large, max-video-preview:-1\" \/>\n<link rel=\"canonical\" href=\"https:\/\/www.ferienhausmosel.eu\/fr\/fruehling-an-der-mittelmosel\/\" \/>\n<meta property=\"og:locale\" content=\"fr_FR\" \/>\n<meta property=\"og:type\" content=\"article\" \/>\n<meta property=\"og:title\" content=\"Fr\u00fchling an der Mittelmosel - Ferienhaus Mosel\" \/>\n<meta property=\"og:description\" content=\"So soll es sein&#8230;..Wochenende und herrlicher Sonnenschein Fahrrad, Wanderschuhe oder Inliner raus und los geht&#8217;s. &nbsp;\" \/>\n<meta property=\"og:url\" content=\"https:\/\/www.ferienhausmosel.eu\/fr\/fruehling-an-der-mittelmosel\/\" \/>\n<meta property=\"og:site_name\" content=\"Ferienhaus Mosel\" \/>\n<meta property=\"article:publisher\" content=\"https:\/\/www.facebook.com\/moselferienhaus\" \/>\n<meta property=\"article:author\" content=\"https:\/\/www.facebook.com\/chri.coli.3\" \/>\n<meta property=\"article:published_time\" content=\"2017-03-26T17:39:55+00:00\" \/>\n<meta property=\"article:modified_time\" content=\"2017-03-27T11:12:49+00:00\" \/>\n<meta property=\"og:image\" content=\"https:\/\/www.ferienhausmosel.eu\/wp-content\/uploads\/2017\/03\/Bildschirmfoto-2017-03-27-um-13.08.07-e1490613154565.png\" \/>\n\t<meta property=\"og:image:width\" content=\"1024\" \/>\n\t<meta property=\"og:image:height\" content=\"308\" \/>\n\t<meta property=\"og:image:type\" content=\"image\/png\" \/>\n<meta name=\"author\" content=\"Christiana Comes-Limbach\" \/>\n<meta name=\"twitter:label1\" content=\"\u00c9crit par\" \/>\n\t<meta name=\"twitter:data1\" content=\"Christiana Comes-Limbach\" \/>\n<script type=\"application\/ld+json\" class=\"yoast-schema-graph\">{\"@context\":\"https:\\\/\\\/schema.org\",\"@graph\":[{\"@type\":\"Article\",\"@id\":\"https:\\\/\\\/www.ferienhausmosel.eu\\\/fruehling-an-der-mittelmosel\\\/#article\",\"isPartOf\":{\"@id\":\"https:\\\/\\\/www.ferienhausmosel.eu\\\/fruehling-an-der-mittelmosel\\\/\"},\"author\":{\"name\":\"Christiana Comes-Limbach\",\"@id\":\"https:\\\/\\\/www.ferienhausmosel.eu\\\/#\\\/schema\\\/person\\\/2719a5249c81c7120c4883885e47ee16\"},\"headline\":\"Fr\u00fchling an der Mittelmosel\",\"datePublished\":\"2017-03-26T17:39:55+00:00\",\"dateModified\":\"2017-03-27T11:12:49+00:00\",\"mainEntityOfPage\":{\"@id\":\"https:\\\/\\\/www.ferienhausmosel.eu\\\/fruehling-an-der-mittelmosel\\\/\"},\"wordCount\":23,\"image\":{\"@id\":\"https:\\\/\\\/www.ferienhausmosel.eu\\\/fruehling-an-der-mittelmosel\\\/#primaryimage\"},\"thumbnailUrl\":\"https:\\\/\\\/www.ferienhausmosel.eu\\\/wp-content\\\/uploads\\\/2017\\\/03\\\/Bildschirmfoto-2017-03-27-um-13.08.07-e1490613154565.png\",\"keywords\":[\"Fr\u00fchling\",\"Mittelmosel\",\"Radfahren\",\"Urlaub\"],\"articleSection\":[\"Allgemein\",\"Chricoli\",\"Ferienh\u00e4user\"],\"inLanguage\":\"fr-FR\"},{\"@type\":\"WebPage\",\"@id\":\"https:\\\/\\\/www.ferienhausmosel.eu\\\/fruehling-an-der-mittelmosel\\\/\",\"url\":\"https:\\\/\\\/www.ferienhausmosel.eu\\\/fruehling-an-der-mittelmosel\\\/\",\"name\":\"Fr\u00fchling an der Mittelmosel - Ferienhaus Mosel\",\"isPartOf\":{\"@id\":\"https:\\\/\\\/www.ferienhausmosel.eu\\\/#website\"},\"primaryImageOfPage\":{\"@id\":\"https:\\\/\\\/www.ferienhausmosel.eu\\\/fruehling-an-der-mittelmosel\\\/#primaryimage\"},\"image\":{\"@id\":\"https:\\\/\\\/www.ferienhausmosel.eu\\\/fruehling-an-der-mittelmosel\\\/#primaryimage\"},\"thumbnailUrl\":\"https:\\\/\\\/www.ferienhausmosel.eu\\\/wp-content\\\/uploads\\\/2017\\\/03\\\/Bildschirmfoto-2017-03-27-um-13.08.07-e1490613154565.png\",\"datePublished\":\"2017-03-26T17:39:55+00:00\",\"dateModified\":\"2017-03-27T11:12:49+00:00\",\"author\":{\"@id\":\"https:\\\/\\\/www.ferienhausmosel.eu\\\/#\\\/schema\\\/person\\\/2719a5249c81c7120c4883885e47ee16\"},\"breadcrumb\":{\"@id\":\"https:\\\/\\\/www.ferienhausmosel.eu\\\/fruehling-an-der-mittelmosel\\\/#breadcrumb\"},\"inLanguage\":\"fr-FR\",\"potentialAction\":[{\"@type\":\"ReadAction\",\"target\":[\"https:\\\/\\\/www.ferienhausmosel.eu\\\/fruehling-an-der-mittelmosel\\\/\"]}]},{\"@type\":\"ImageObject\",\"inLanguage\":\"fr-FR\",\"@id\":\"https:\\\/\\\/www.ferienhausmosel.eu\\\/fruehling-an-der-mittelmosel\\\/#primaryimage\",\"url\":\"https:\\\/\\\/www.ferienhausmosel.eu\\\/wp-content\\\/uploads\\\/2017\\\/03\\\/Bildschirmfoto-2017-03-27-um-13.08.07-e1490613154565.png\",\"contentUrl\":\"https:\\\/\\\/www.ferienhausmosel.eu\\\/wp-content\\\/uploads\\\/2017\\\/03\\\/Bildschirmfoto-2017-03-27-um-13.08.07-e1490613154565.png\",\"width\":1024,\"height\":308},{\"@type\":\"BreadcrumbList\",\"@id\":\"https:\\\/\\\/www.ferienhausmosel.eu\\\/fruehling-an-der-mittelmosel\\\/#breadcrumb\",\"itemListElement\":[{\"@type\":\"ListItem\",\"position\":1,\"name\":\"Home\",\"item\":\"https:\\\/\\\/www.ferienhausmosel.eu\\\/\"},{\"@type\":\"ListItem\",\"position\":2,\"name\":\"Fr\u00fchling\",\"item\":\"https:\\\/\\\/www.ferienhausmosel.eu\\\/tag\\\/fruehling\\\/\"},{\"@type\":\"ListItem\",\"position\":3,\"name\":\"Fr\u00fchling an der Mittelmosel\"}]},{\"@type\":\"WebSite\",\"@id\":\"https:\\\/\\\/www.ferienhausmosel.eu\\\/#website\",\"url\":\"https:\\\/\\\/www.ferienhausmosel.eu\\\/\",\"name\":\"Ferienhaus Mosel\",\"description\":\"Die Ferienh\u00e4user in \u00dcrzig und Zeltingen mit dem besonderen Charme\",\"potentialAction\":[{\"@type\":\"SearchAction\",\"target\":{\"@type\":\"EntryPoint\",\"urlTemplate\":\"https:\\\/\\\/www.ferienhausmosel.eu\\\/?s={search_term_string}\"},\"query-input\":{\"@type\":\"PropertyValueSpecification\",\"valueRequired\":true,\"valueName\":\"search_term_string\"}}],\"inLanguage\":\"fr-FR\"},{\"@type\":\"Person\",\"@id\":\"https:\\\/\\\/www.ferienhausmosel.eu\\\/#\\\/schema\\\/person\\\/2719a5249c81c7120c4883885e47ee16\",\"name\":\"Christiana Comes-Limbach\",\"image\":{\"@type\":\"ImageObject\",\"inLanguage\":\"fr-FR\",\"@id\":\"https:\\\/\\\/secure.gravatar.com\\\/avatar\\\/dffda485d976823a89f7f2b31b7888aad65cafc868d7c9f81b97125373aa3f1c?s=96&d=mm&r=g\",\"url\":\"https:\\\/\\\/secure.gravatar.com\\\/avatar\\\/dffda485d976823a89f7f2b31b7888aad65cafc868d7c9f81b97125373aa3f1c?s=96&d=mm&r=g\",\"contentUrl\":\"https:\\\/\\\/secure.gravatar.com\\\/avatar\\\/dffda485d976823a89f7f2b31b7888aad65cafc868d7c9f81b97125373aa3f1c?s=96&d=mm&r=g\",\"caption\":\"Christiana Comes-Limbach\"},\"description\":\"Als kaufm\u00e4nnische Leiterin des Metallbauers Limbach Maschinen mit Sitz in Mayen bleibt der dreifachen Mutter nur wenig Zeit f\u00fcr sich. Die findet die geb\u00fcrtige Moselanerin in ihrer Heimat. Mit ihren ganz pers\u00f6nlichen Ferienh\u00e4usern bietet Sie Menschen Erholung, Ruhe und Entspannung an der Mittelmosel.\",\"sameAs\":[\"https:\\\/\\\/www.facebook.com\\\/chri.coli.3\"],\"url\":\"https:\\\/\\\/www.ferienhausmosel.eu\\\/fr\\\/author\\\/chricoli\\\/\"}]}<\/script>\n<!-- \/ Yoast SEO plugin. -->","yoast_head_json":{"title":"Fr\u00fchling an der Mittelmosel - Ferienhaus Mosel","robots":{"index":"index","follow":"follow","max-snippet":"max-snippet:-1","max-image-preview":"max-image-preview:large","max-video-preview":"max-video-preview:-1"},"canonical":"https:\/\/www.ferienhausmosel.eu\/fr\/fruehling-an-der-mittelmosel\/","og_locale":"fr_FR","og_type":"article","og_title":"Fr\u00fchling an der Mittelmosel - Ferienhaus Mosel","og_description":"So soll es sein&#8230;..Wochenende und herrlicher Sonnenschein Fahrrad, Wanderschuhe oder Inliner raus und los geht&#8217;s. &nbsp;","og_url":"https:\/\/www.ferienhausmosel.eu\/fr\/fruehling-an-der-mittelmosel\/","og_site_name":"Ferienhaus Mosel","article_publisher":"https:\/\/www.facebook.com\/moselferienhaus","article_author":"https:\/\/www.facebook.com\/chri.coli.3","article_published_time":"2017-03-26T17:39:55+00:00","article_modified_time":"2017-03-27T11:12:49+00:00","og_image":[{"width":1024,"height":308,"url":"https:\/\/www.ferienhausmosel.eu\/wp-content\/uploads\/2017\/03\/Bildschirmfoto-2017-03-27-um-13.08.07-e1490613154565.png","type":"image\/png"}],"author":"Christiana Comes-Limbach","twitter_misc":{"\u00c9crit par":"Christiana Comes-Limbach"},"schema":{"@context":"https:\/\/schema.org","@graph":[{"@type":"Article","@id":"https:\/\/www.ferienhausmosel.eu\/fruehling-an-der-mittelmosel\/#article","isPartOf":{"@id":"https:\/\/www.ferienhausmosel.eu\/fruehling-an-der-mittelmosel\/"},"author":{"name":"Christiana Comes-Limbach","@id":"https:\/\/www.ferienhausmosel.eu\/#\/schema\/person\/2719a5249c81c7120c4883885e47ee16"},"headline":"Fr\u00fchling an der Mittelmosel","datePublished":"2017-03-26T17:39:55+00:00","dateModified":"2017-03-27T11:12:49+00:00","mainEntityOfPage":{"@id":"https:\/\/www.ferienhausmosel.eu\/fruehling-an-der-mittelmosel\/"},"wordCount":23,"image":{"@id":"https:\/\/www.ferienhausmosel.eu\/fruehling-an-der-mittelmosel\/#primaryimage"},"thumbnailUrl":"https:\/\/www.ferienhausmosel.eu\/wp-content\/uploads\/2017\/03\/Bildschirmfoto-2017-03-27-um-13.08.07-e1490613154565.png","keywords":["Fr\u00fchling","Mittelmosel","Radfahren","Urlaub"],"articleSection":["Allgemein","Chricoli","Ferienh\u00e4user"],"inLanguage":"fr-FR"},{"@type":"WebPage","@id":"https:\/\/www.ferienhausmosel.eu\/fruehling-an-der-mittelmosel\/","url":"https:\/\/www.ferienhausmosel.eu\/fruehling-an-der-mittelmosel\/","name":"Fr\u00fchling an der Mittelmosel - Ferienhaus Mosel","isPartOf":{"@id":"https:\/\/www.ferienhausmosel.eu\/#website"},"primaryImageOfPage":{"@id":"https:\/\/www.ferienhausmosel.eu\/fruehling-an-der-mittelmosel\/#primaryimage"},"image":{"@id":"https:\/\/www.ferienhausmosel.eu\/fruehling-an-der-mittelmosel\/#primaryimage"},"thumbnailUrl":"https:\/\/www.ferienhausmosel.eu\/wp-content\/uploads\/2017\/03\/Bildschirmfoto-2017-03-27-um-13.08.07-e1490613154565.png","datePublished":"2017-03-26T17:39:55+00:00","dateModified":"2017-03-27T11:12:49+00:00","author":{"@id":"https:\/\/www.ferienhausmosel.eu\/#\/schema\/person\/2719a5249c81c7120c4883885e47ee16"},"breadcrumb":{"@id":"https:\/\/www.ferienhausmosel.eu\/fruehling-an-der-mittelmosel\/#breadcrumb"},"inLanguage":"fr-FR","potentialAction":[{"@type":"ReadAction","target":["https:\/\/www.ferienhausmosel.eu\/fruehling-an-der-mittelmosel\/"]}]},{"@type":"ImageObject","inLanguage":"fr-FR","@id":"https:\/\/www.ferienhausmosel.eu\/fruehling-an-der-mittelmosel\/#primaryimage","url":"https:\/\/www.ferienhausmosel.eu\/wp-content\/uploads\/2017\/03\/Bildschirmfoto-2017-03-27-um-13.08.07-e1490613154565.png","contentUrl":"https:\/\/www.ferienhausmosel.eu\/wp-content\/uploads\/2017\/03\/Bildschirmfoto-2017-03-27-um-13.08.07-e1490613154565.png","width":1024,"height":308},{"@type":"BreadcrumbList","@id":"https:\/\/www.ferienhausmosel.eu\/fruehling-an-der-mittelmosel\/#breadcrumb","itemListElement":[{"@type":"ListItem","position":1,"name":"Home","item":"https:\/\/www.ferienhausmosel.eu\/"},{"@type":"ListItem","position":2,"name":"Fr\u00fchling","item":"https:\/\/www.ferienhausmosel.eu\/tag\/fruehling\/"},{"@type":"ListItem","position":3,"name":"Fr\u00fchling an der Mittelmosel"}]},{"@type":"WebSite","@id":"https:\/\/www.ferienhausmosel.eu\/#website","url":"https:\/\/www.ferienhausmosel.eu\/","name":"Maison de vacances Moselle","description":"Les maisons de vacances \u00e0 \u00dcrzig et Zeltingen avec un charme particulier","potentialAction":[{"@type":"SearchAction","target":{"@type":"EntryPoint","urlTemplate":"https:\/\/www.ferienhausmosel.eu\/?s={search_term_string}"},"query-input":{"@type":"PropertyValueSpecification","valueRequired":true,"valueName":"search_term_string"}}],"inLanguage":"fr-FR"},{"@type":"Person","@id":"https:\/\/www.ferienhausmosel.eu\/#\/schema\/person\/2719a5249c81c7120c4883885e47ee16","name":"Christiana Comes-Limbach","image":{"@type":"ImageObject","inLanguage":"fr-FR","@id":"https:\/\/secure.gravatar.com\/avatar\/dffda485d976823a89f7f2b31b7888aad65cafc868d7c9f81b97125373aa3f1c?s=96&d=mm&r=g","url":"https:\/\/secure.gravatar.com\/avatar\/dffda485d976823a89f7f2b31b7888aad65cafc868d7c9f81b97125373aa3f1c?s=96&d=mm&r=g","contentUrl":"https:\/\/secure.gravatar.com\/avatar\/dffda485d976823a89f7f2b31b7888aad65cafc868d7c9f81b97125373aa3f1c?s=96&d=mm&r=g","caption":"Christiana Comes-Limbach"},"description":"En tant que directrice commerciale de l&#039;entreprise m\u00e9tallurgique Limbach Maschinen bas\u00e9e \u00e0 Mayen, la m\u00e8re de trois enfants a peu de temps pour elle. La native de la Moselle trouve cela dans son pays natal. Avec leurs maisons de vacances tr\u00e8s personnelles, ils offrent aux gens repos, paix et d\u00e9tente sur la Moyenne Moselle.","sameAs":["https:\/\/www.facebook.com\/chri.coli.3"],"url":"https:\/\/www.ferienhausmosel.eu\/fr\/author\/chricoli\/"}]}},"_links":{"self":[{"href":"https:\/\/www.ferienhausmosel.eu\/fr\/wp-json\/wp\/v2\/posts\/3473","targetHints":{"allow":["GET"]}}],"collection":[{"href":"https:\/\/www.ferienhausmosel.eu\/fr\/wp-json\/wp\/v2\/posts"}],"about":[{"href":"https:\/\/www.ferienhausmosel.eu\/fr\/wp-json\/wp\/v2\/types\/post"}],"author":[{"embeddable":true,"href":"https:\/\/www.ferienhausmosel.eu\/fr\/wp-json\/wp\/v2\/users\/5"}],"replies":[{"embeddable":true,"href":"https:\/\/www.ferienhausmosel.eu\/fr\/wp-json\/wp\/v2\/comments?post=3473"}],"version-history":[{"count":4,"href":"https:\/\/www.ferienhausmosel.eu\/fr\/wp-json\/wp\/v2\/posts\/3473\/revisions"}],"predecessor-version":[{"id":3478,"href":"https:\/\/www.ferienhausmosel.eu\/fr\/wp-json\/wp\/v2\/posts\/3473\/revisions\/3478"}],"wp:featuredmedia":[{"embeddable":true,"href":"https:\/\/www.ferienhausmosel.eu\/fr\/wp-json\/wp\/v2\/media\/3482"}],"wp:attachment":[{"href":"https:\/\/www.ferienhausmosel.eu\/fr\/wp-json\/wp\/v2\/media?parent=3473"}],"wp:term":[{"taxonomy":"category","embeddable":true,"href":"https:\/\/www.ferienhausmosel.eu\/fr\/wp-json\/wp\/v2\/categories?post=3473"},{"taxonomy":"post_tag","embeddable":true,"href":"https:\/\/www.ferienhausmosel.eu\/fr\/wp-json\/wp\/v2\/tags?post=3473"}],"curies":[{"name":"wp","href":"https:\/\/api.w.org\/{rel}","templated":true}]}}